{"id":1364,"date":"2016-08-10T05:07:41","date_gmt":"2016-08-10T03:07:41","guid":{"rendered":"http:\/\/tausendschoen.greenfairplanet.net\/?p=1364"},"modified":"2016-08-10T05:37:32","modified_gmt":"2016-08-10T03:37:32","slug":"maerchenfest-im-gemeinschaftsgarten-tausendschoen","status":"publish","type":"post","link":"https:\/\/tausendschoen.greenfairplanet.net\/?p=1364","title":{"rendered":"M\u00e4rchenfest im Gemeinschaftsgarten Tausendsch\u00f6n"},"content":{"rendered":"<p><strong>\u201e<span style=\"font-family: Verdana, sans-serif;\"><i>Das ganze Dorf hat sie gesucht. Doch der Schmetterling hat die Tr\u00e4umerin aus dem Wolkenreich zur\u00fcck ins Dorf gebracht, nachdem sie drei Dinge lernte: Umh\u00e4nge zu weben so sch\u00f6n wie die Sonne, Maisbrot zu backen so rund wie der Vollmond, und Lieder zu singen, die traurige Herzen wieder froh machen.\u201c <\/i><\/span><\/strong><\/p>\n<p><a href=\"http:\/\/tausendschoen.greenfairplanet.net\/wp-content\/uploads\/2016\/08\/Die-M\u00e4rchenerz\u00e4hlerin-Rita-Maria-Fr\u00f6hle-lock-mit-leisen-T\u00f6nen-alle-ins-M\u00e4rchenzelt.jpg\"><img loading=\"lazy\" decoding=\"async\" class=\"alignleft size-full wp-image-1386\" src=\"http:\/\/tausendschoen.greenfairplanet.net\/wp-content\/uploads\/2016\/08\/Die-M\u00e4rchenerz\u00e4hlerin-Rita-Maria-Fr\u00f6hle-lock-mit-leisen-T\u00f6nen-alle-ins-M\u00e4rchenzelt.jpg\" alt=\"Die M\u00e4rchenerz\u00e4hlerin Rita Maria Fr\u00f6hle lock mit leisen T\u00f6nen alle ins M\u00e4rchenzelt\" width=\"1824\" height=\"1368\" srcset=\"https:\/\/tausendschoen.greenfairplanet.net\/wp-content\/uploads\/2016\/08\/Die-M\u00e4rchenerz\u00e4hlerin-Rita-Maria-Fr\u00f6hle-lock-mit-leisen-T\u00f6nen-alle-ins-M\u00e4rchenzelt.jpg 1824w, https:\/\/tausendschoen.greenfairplanet.net\/wp-content\/uploads\/2016\/08\/Die-M\u00e4rchenerz\u00e4hlerin-Rita-Maria-Fr\u00f6hle-lock-mit-leisen-T\u00f6nen-alle-ins-M\u00e4rchenzelt-300x225.jpg 300w, https:\/\/tausendschoen.greenfairplanet.net\/wp-content\/uploads\/2016\/08\/Die-M\u00e4rchenerz\u00e4hlerin-Rita-Maria-Fr\u00f6hle-lock-mit-leisen-T\u00f6nen-alle-ins-M\u00e4rchenzelt-768x576.jpg 768w, https:\/\/tausendschoen.greenfairplanet.net\/wp-content\/uploads\/2016\/08\/Die-M\u00e4rchenerz\u00e4hlerin-Rita-Maria-Fr\u00f6hle-lock-mit-leisen-T\u00f6nen-alle-ins-M\u00e4rchenzelt-1024x768.jpg 1024w, https:\/\/tausendschoen.greenfairplanet.net\/wp-content\/uploads\/2016\/08\/Die-M\u00e4rchenerz\u00e4hlerin-Rita-Maria-Fr\u00f6hle-lock-mit-leisen-T\u00f6nen-alle-ins-M\u00e4rchenzelt-720x540.jpg 720w\" sizes=\"auto, (max-width: 1824px) 100vw, 1824px\" \/><\/a>\u201e<span style=\"font-family: Verdana, sans-serif;\">Uwanami\u201c war eines von vielen M\u00e4rchen, die Rita Maria Fr\u00f6hle den rund 90 G\u00e4sten des Gemeinschaftsgartens \u201eTausendsch\u00f6n\u201c am vergangenen Samstag mit nach Hause gab. Es handelt von drei indianisch-nordamerikanischen Schwestern, wobei eine von ihnen stets aus der Rolle fiel, weil sie lieber tr\u00e4umte statt zu arbeiten. Doch eines Tages begab sie sich an einen gro\u00dfen Baum und begegnete einem Wolkengeist, der ihr auf dem Weg in die T\u00fcchtigkeit verhalf.<\/span><\/p>\n<p><span style=\"font-family: Verdana, sans-serif;\">Frei der Tugend, die Initiatoren von GreenFairPlanet e.V. aus Minden \u00a0und zahlreiche Akteure mit den m\u00e4rchenhaften Namen \u201eCinderella\u201c, das \u201eTapfere Schneiderlein\u201c und die \u201ePerlenfee\u201c beim sechsten offenen Gartentag in Leteln nicht nur lehrten, sondern mit ihren gro\u00dfen und kleinen G\u00e4sten gemeinsam lebten.<\/span><\/p>\n<p><a href=\"http:\/\/tausendschoen.greenfairplanet.net\/wp-content\/uploads\/2016\/08\/Jana.jpg\"><img loading=\"lazy\" decoding=\"async\" class=\"alignleft size-full wp-image-1377\" src=\"http:\/\/tausendschoen.greenfairplanet.net\/wp-content\/uploads\/2016\/08\/Jana.jpg\" alt=\"Jana\" width=\"939\" height=\"818\" srcset=\"https:\/\/tausendschoen.greenfairplanet.net\/wp-content\/uploads\/2016\/08\/Jana.jpg 939w, https:\/\/tausendschoen.greenfairplanet.net\/wp-content\/uploads\/2016\/08\/Jana-300x261.jpg 300w, https:\/\/tausendschoen.greenfairplanet.net\/wp-content\/uploads\/2016\/08\/Jana-768x669.jpg 768w, https:\/\/tausendschoen.greenfairplanet.net\/wp-content\/uploads\/2016\/08\/Jana-720x627.jpg 720w\" sizes=\"auto, (max-width: 939px) 100vw, 939px\" \/><\/a><\/p>\n<p><span style=\"font-family: Verdana, sans-serif;\">So verzauberte Irina \u201eCinderella\u201c Kuzmina M\u00e4dchen und Frauen mit Haarkreide in allen Regenbogenfarben zu Fabelwesen. Dabei war die 22-J\u00e4hrige nur auf Urlaub in Minden w\u00e4hrend ihres E-Business-Studiums in Warschau, Polen, erz\u00e4hlte sie. Verwunschene Frisuren kreieren \u2013 ob geflochten oder gedreht \u2013 hat die geb\u00fcrtige Wei\u00dfrussin sich selbst angeeignet und betrachtet es als Hobby.<\/span><\/p>\n<p><a href=\"http:\/\/tausendschoen.greenfairplanet.net\/wp-content\/uploads\/2016\/08\/Irina-m\u00e4dchen-mit-Tasche.jpg\"><img loading=\"lazy\" decoding=\"async\" class=\"alignleft size-full wp-image-1370\" src=\"http:\/\/tausendschoen.greenfairplanet.net\/wp-content\/uploads\/2016\/08\/Irina-m\u00e4dchen-mit-Tasche.jpg\" alt=\"Irina m\u00e4dchen mit Tasche\" width=\"830\" height=\"1221\" srcset=\"https:\/\/tausendschoen.greenfairplanet.net\/wp-content\/uploads\/2016\/08\/Irina-m\u00e4dchen-mit-Tasche.jpg 830w, https:\/\/tausendschoen.greenfairplanet.net\/wp-content\/uploads\/2016\/08\/Irina-m\u00e4dchen-mit-Tasche-204x300.jpg 204w, https:\/\/tausendschoen.greenfairplanet.net\/wp-content\/uploads\/2016\/08\/Irina-m\u00e4dchen-mit-Tasche-768x1130.jpg 768w, https:\/\/tausendschoen.greenfairplanet.net\/wp-content\/uploads\/2016\/08\/Irina-m\u00e4dchen-mit-Tasche-696x1024.jpg 696w, https:\/\/tausendschoen.greenfairplanet.net\/wp-content\/uploads\/2016\/08\/Irina-m\u00e4dchen-mit-Tasche-300x441.jpg 300w, https:\/\/tausendschoen.greenfairplanet.net\/wp-content\/uploads\/2016\/08\/Irina-m\u00e4dchen-mit-Tasche-720x1059.jpg 720w\" sizes=\"auto, (max-width: 830px) 100vw, 830px\" \/><\/a><\/p>\n<p><span style=\"font-family: Verdana, sans-serif;\">Das \u201etapfere Schneiderlein\u201c Jana Selent hat es zwar nicht ganz so weit zum Garten Tausendsch\u00f6n. Dennoch radelt die 25-J\u00e4hrige zwei Mal in der Woche nach der Arbeit acht Kilometer durch die Stadt, um beim Gem\u00fcseanbau zu helfen. Zusammen mit ihrer drei Jahre j\u00fcngeren Schwester Luca unterst\u00fctzten sie am Aktionstag zahlreiche Kinder beim Bedrucken von Stoffbeuteln mit handgemachten Holzstempeln. \u201eDas Holz stammt aus dem Garten und wurde vorher zuges\u00e4gt und geschliffen\u201c, erkl\u00e4rte Jana.<\/span><\/p>\n<p><a href=\"http:\/\/tausendschoen.greenfairplanet.net\/wp-content\/uploads\/2016\/08\/Junge-n\u00e4ht-allein-perfekt.jpg\"><img loading=\"lazy\" decoding=\"async\" class=\"alignleft size-full wp-image-1379\" src=\"http:\/\/tausendschoen.greenfairplanet.net\/wp-content\/uploads\/2016\/08\/Junge-n\u00e4ht-allein-perfekt.jpg\" alt=\"Junge n\u00e4ht allein perfekt\" width=\"1363\" height=\"1191\" srcset=\"https:\/\/tausendschoen.greenfairplanet.net\/wp-content\/uploads\/2016\/08\/Junge-n\u00e4ht-allein-perfekt.jpg 1363w, https:\/\/tausendschoen.greenfairplanet.net\/wp-content\/uploads\/2016\/08\/Junge-n\u00e4ht-allein-perfekt-300x262.jpg 300w, https:\/\/tausendschoen.greenfairplanet.net\/wp-content\/uploads\/2016\/08\/Junge-n\u00e4ht-allein-perfekt-768x671.jpg 768w, https:\/\/tausendschoen.greenfairplanet.net\/wp-content\/uploads\/2016\/08\/Junge-n\u00e4ht-allein-perfekt-1024x895.jpg 1024w, https:\/\/tausendschoen.greenfairplanet.net\/wp-content\/uploads\/2016\/08\/Junge-n\u00e4ht-allein-perfekt-720x629.jpg 720w\" sizes=\"auto, (max-width: 1363px) 100vw, 1363px\" \/><\/a><\/p>\n<p><span style=\"font-family: Verdana, sans-serif;\">Inspiriert von selbstgen\u00e4hten Taschen aus Stoffresten mit bunten Motiven wollte Lucien selber n\u00e4hen. Unter Anleitung von Steffi Hasselbring n\u00e4hte der 8-J\u00e4hrige seine eigene Umh\u00e4ngetasche.<\/span><\/p>\n<p>\u201e<span style=\"font-family: Verdana, sans-serif;\">Es war ein gelungener Tag in unserem Zauber-M\u00e4rchen-Garten. Man f\u00fchlte sich im Zelt wie in einer Kinderwelt\u201c, freute sich Melanie Steding, die seit M\u00e4rz w\u00f6chentlich mit ihren 5 Kindern in den Gemeinschaftsgarten Tausendsch\u00f6n kommt. \u201eAlle haben sich wohlgef\u00fchlt, \u00fcbergreifende Generationen waren aktiv und es war ein tolles Miteinander.\u201c Verk\u00f6stigungen wie Kaffee und Kuchen, vegane Muffins und geerntetes Mitnehm-Gem\u00fcse aus dem Garten rundeten das M\u00e4rchenfest ab.<\/span><\/p>\n<p><a href=\"http:\/\/tausendschoen.greenfairplanet.net\/wp-content\/uploads\/2016\/08\/Impressionen-Ihtisham-Melanie-Kuchen.jpg\"><img loading=\"lazy\" decoding=\"async\" class=\"alignleft wp-image-1365 size-large\" src=\"http:\/\/tausendschoen.greenfairplanet.net\/wp-content\/uploads\/2016\/08\/Impressionen-Ihtisham-Melanie-Kuchen-941x1024.jpg\" alt=\"Impressionen Ihtisham Melanie Kuchen\" width=\"600\" height=\"653\" srcset=\"https:\/\/tausendschoen.greenfairplanet.net\/wp-content\/uploads\/2016\/08\/Impressionen-Ihtisham-Melanie-Kuchen-941x1024.jpg 941w, https:\/\/tausendschoen.greenfairplanet.net\/wp-content\/uploads\/2016\/08\/Impressionen-Ihtisham-Melanie-Kuchen-276x300.jpg 276w, https:\/\/tausendschoen.greenfairplanet.net\/wp-content\/uploads\/2016\/08\/Impressionen-Ihtisham-Melanie-Kuchen-768x836.jpg 768w, https:\/\/tausendschoen.greenfairplanet.net\/wp-content\/uploads\/2016\/08\/Impressionen-Ihtisham-Melanie-Kuchen-300x327.jpg 300w, https:\/\/tausendschoen.greenfairplanet.net\/wp-content\/uploads\/2016\/08\/Impressionen-Ihtisham-Melanie-Kuchen-720x784.jpg 720w, https:\/\/tausendschoen.greenfairplanet.net\/wp-content\/uploads\/2016\/08\/Impressionen-Ihtisham-Melanie-Kuchen.jpg 1109w\" sizes=\"auto, (max-width: 600px) 100vw, 600px\" \/><\/a><\/p>\n<p><strong><span style=\"font-family: Verdana, sans-serif;\"><a href=\"http:\/\/tausendschoen.greenfairplanet.net\/wp-content\/uploads\/2016\/07\/Impressionen-Mobin-Melanie.jpg\"><img loading=\"lazy\" decoding=\"async\" class=\"alignnone wp-image-1391 size-large\" src=\"http:\/\/tausendschoen.greenfairplanet.net\/wp-content\/uploads\/2016\/07\/Impressionen-Mobin-Melanie-1024x884.jpg\" alt=\"Impressionen Mobin, Melanie\" width=\"600\" height=\"518\" srcset=\"https:\/\/tausendschoen.greenfairplanet.net\/wp-content\/uploads\/2016\/07\/Impressionen-Mobin-Melanie-1024x884.jpg 1024w, https:\/\/tausendschoen.greenfairplanet.net\/wp-content\/uploads\/2016\/07\/Impressionen-Mobin-Melanie-300x259.jpg 300w, https:\/\/tausendschoen.greenfairplanet.net\/wp-content\/uploads\/2016\/07\/Impressionen-Mobin-Melanie-768x663.jpg 768w, https:\/\/tausendschoen.greenfairplanet.net\/wp-content\/uploads\/2016\/07\/Impressionen-Mobin-Melanie-720x622.jpg 720w, https:\/\/tausendschoen.greenfairplanet.net\/wp-content\/uploads\/2016\/07\/Impressionen-Mobin-Melanie.jpg 1128w\" sizes=\"auto, (max-width: 600px) 100vw, 600px\" \/><\/a><\/span><\/strong><\/p>\n<p><a href=\"http:\/\/tausendschoen.greenfairplanet.net\/wp-content\/uploads\/2016\/08\/Impressionen-Mobi-Kaffee.jpg\"><img loading=\"lazy\" decoding=\"async\" class=\"alignleft size-large wp-image-1394\" src=\"http:\/\/tausendschoen.greenfairplanet.net\/wp-content\/uploads\/2016\/08\/Impressionen-Mobi-Kaffee-818x1024.jpg\" alt=\"Impressionen Mobi Kaffee\" width=\"600\" height=\"751\" srcset=\"https:\/\/tausendschoen.greenfairplanet.net\/wp-content\/uploads\/2016\/08\/Impressionen-Mobi-Kaffee-818x1024.jpg 818w, https:\/\/tausendschoen.greenfairplanet.net\/wp-content\/uploads\/2016\/08\/Impressionen-Mobi-Kaffee-240x300.jpg 240w, https:\/\/tausendschoen.greenfairplanet.net\/wp-content\/uploads\/2016\/08\/Impressionen-Mobi-Kaffee-768x962.jpg 768w, https:\/\/tausendschoen.greenfairplanet.net\/wp-content\/uploads\/2016\/08\/Impressionen-Mobi-Kaffee-300x376.jpg 300w, https:\/\/tausendschoen.greenfairplanet.net\/wp-content\/uploads\/2016\/08\/Impressionen-Mobi-Kaffee-720x902.jpg 720w, https:\/\/tausendschoen.greenfairplanet.net\/wp-content\/uploads\/2016\/08\/Impressionen-Mobi-Kaffee.jpg 1198w\" sizes=\"auto, (max-width: 600px) 100vw, 600px\" \/><\/a><\/p>\n<p><strong><span style=\"font-family: Verdana, sans-serif;\">Der n\u00e4chste \u201eM\u00e4rchen-Mitmachtag\u201c \u00a0am 12. Oktober &#8211; wieder in Kooperation mit der M\u00e4rchenb\u00fchne Vlotho &#8211; wird zum Erlebnis-Parcours: Bei Gro\u00df und Klein werden alle f\u00fcnf Sinne angesprochen. H\u00f6hepunkt wird die feierliche Kr\u00f6nung eines jeden Kindes sein.<\/span><\/strong><\/p>\n<p><span style=\"font-family: Verdana, sans-serif;\"><br \/>\n<\/span><\/p>\n","protected":false},"excerpt":{"rendered":"<p>\u201eDas ganze Dorf hat sie gesucht. Doch der Schmetterling hat die Tr\u00e4umerin aus dem Wolkenreich zur\u00fcck ins Dorf gebracht, nachdem sie drei Dinge lernte: Umh\u00e4nge zu weben so sch\u00f6n wie die Sonne, Maisbrot zu backen so rund wie der Vollmond, und Lieder zu singen, die traurige Herzen wieder froh machen.\u201c \u201eUwanami\u201c war eines von vielen [&hellip;]<\/p>\n","protected":false},"author":1,"featured_media":1382,"comment_status":"closed","ping_status":"closed","sticky":false,"template":"","format":"standard","meta":{"footnotes":""},"categories":[1,21],"tags":[],"class_list":["post-1364","post","type-post","status-publish","format-standard","has-post-thumbnail","hentry","category-aktuell","category-gartentagebuch"],"_links":{"self":[{"href":"https:\/\/tausendschoen.greenfairplanet.net\/index.php?rest_route=\/wp\/v2\/posts\/1364","targetHints":{"allow":["GET"]}}],"collection":[{"href":"https:\/\/tausendschoen.greenfairplanet.net\/index.php?rest_route=\/wp\/v2\/posts"}],"about":[{"href":"https:\/\/tausendschoen.greenfairplanet.net\/index.php?rest_route=\/wp\/v2\/types\/post"}],"author":[{"embeddable":true,"href":"https:\/\/tausendschoen.greenfairplanet.net\/index.php?rest_route=\/wp\/v2\/users\/1"}],"replies":[{"embeddable":true,"href":"https:\/\/tausendschoen.greenfairplanet.net\/index.php?rest_route=%2Fwp%2Fv2%2Fcomments&post=1364"}],"version-history":[{"count":3,"href":"https:\/\/tausendschoen.greenfairplanet.net\/index.php?rest_route=\/wp\/v2\/posts\/1364\/revisions"}],"predecessor-version":[{"id":1395,"href":"https:\/\/tausendschoen.greenfairplanet.net\/index.php?rest_route=\/wp\/v2\/posts\/1364\/revisions\/1395"}],"wp:featuredmedia":[{"embeddable":true,"href":"https:\/\/tausendschoen.greenfairplanet.net\/index.php?rest_route=\/wp\/v2\/media\/1382"}],"wp:attachment":[{"href":"https:\/\/tausendschoen.greenfairplanet.net\/index.php?rest_route=%2Fwp%2Fv2%2Fmedia&parent=1364"}],"wp:term":[{"taxonomy":"category","embeddable":true,"href":"https:\/\/tausendschoen.greenfairplanet.net\/index.php?rest_route=%2Fwp%2Fv2%2Fcategories&post=1364"},{"taxonomy":"post_tag","embeddable":true,"href":"https:\/\/tausendschoen.greenfairplanet.net\/index.php?rest_route=%2Fwp%2Fv2%2Ftags&post=1364"}],"curies":[{"name":"wp","href":"https:\/\/api.w.org\/{rel}","templated":true}]}}